{"id":244,"date":"2025-01-06T17:05:30","date_gmt":"2025-01-06T16:05:30","guid":{"rendered":"https:\/\/aclam-mornant.fr\/?p=244"},"modified":"2025-11-24T14:30:48","modified_gmt":"2025-11-24T13:30:48","slug":"interclub-et-championnats-saison-2024-2025","status":"publish","type":"post","link":"https:\/\/aclam-mornant.fr\/index.php\/2025\/01\/06\/interclub-et-championnats-saison-2024-2025\/","title":{"rendered":"Interclub et championnats saison 2025\/2026"},"content":{"rendered":"<p><a href=\"https:\/\/drive.google.com\/file\/d\/1NBqxDx_IwLTbFRfJ92B_jHah1iJnR8fI\/view?usp=sharing\">Planning interclub au 17\/11\/2025<\/a><\/p>\n<p><a href=\"https:\/\/drive.google.com\/file\/d\/1RswJ2cSv7GJoEQVoNCHfqxb_XZHI2IP2\/view?usp=sharing\" target=\"_blank\" rel=\"noopener\">Bulletin inscription<\/a><\/p>\n<p>R\u00e9sultats interclub de Saint Bonnet de Mure<\/p>\n<div>M\u00e9lyne et M\u00e9lanie 2eme<\/div>\n<div>Lylou Non class\u00e9e<\/div>\n<div>Theo 2eme<\/div>\n<div>Adan et Celian 1er<\/div>\n<div>Marlon et Milan NC<\/div>\n<div>Maxence 2eme<\/div>\n<div><\/div>\n<div><img loading=\"lazy\" decoding=\"async\" class=\"alignnone size-medium wp-image-286\" src=\"https:\/\/aclam-mornant.fr\/wp-content\/uploads\/2025\/01\/20251122_160351-300x225.jpg\" alt=\"\" width=\"300\" height=\"225\" srcset=\"https:\/\/aclam-mornant.fr\/wp-content\/uploads\/2025\/01\/20251122_160351-300x225.jpg 300w, https:\/\/aclam-mornant.fr\/wp-content\/uploads\/2025\/01\/20251122_160351-768x576.jpg 768w, https:\/\/aclam-mornant.fr\/wp-content\/uploads\/2025\/01\/20251122_160351.jpg 1020w\" sizes=\"auto, (max-width: 300px) 100vw, 300px\" \/><\/div>\n<div><\/div>\n<div>Zoom sur Robin, notre jeune arbitre en pleine activit\u00e9!!!<\/div>\n<div><\/div>\n<div><img loading=\"lazy\" decoding=\"async\" class=\"alignnone size-medium wp-image-287\" src=\"https:\/\/aclam-mornant.fr\/wp-content\/uploads\/2025\/01\/20251122_102900-225x300.jpg\" alt=\"\" width=\"225\" height=\"300\" srcset=\"https:\/\/aclam-mornant.fr\/wp-content\/uploads\/2025\/01\/20251122_102900-225x300.jpg 225w, https:\/\/aclam-mornant.fr\/wp-content\/uploads\/2025\/01\/20251122_102900-768x1024.jpg 768w, https:\/\/aclam-mornant.fr\/wp-content\/uploads\/2025\/01\/20251122_102900.jpg 1020w\" sizes=\"auto, (max-width: 225px) 100vw, 225px\" \/><\/div>\n","protected":false},"excerpt":{"rendered":"<p>Planning interclub au 17\/11\/2025 Bulletin inscription R\u00e9sultats interclub de Saint Bonnet de Mure M\u00e9lyne et M\u00e9lanie 2eme Lylou Non class\u00e9e Theo 2eme Adan et Celian 1er Marlon et Milan NC Maxence 2eme Zoom sur Robin, notre jeune arbitre en pleine activit\u00e9!!!<\/p>\n","protected":false},"author":1,"featured_media":0,"comment_status":"open","ping_status":"open","sticky":false,"template":"","format":"standard","meta":{"footnotes":""},"categories":[8],"tags":[],"class_list":["post-244","post","type-post","status-publish","format-standard","hentry","category-aclam-actu"],"_links":{"self":[{"href":"https:\/\/aclam-mornant.fr\/index.php\/wp-json\/wp\/v2\/posts\/244","targetHints":{"allow":["GET"]}}],"collection":[{"href":"https:\/\/aclam-mornant.fr\/index.php\/wp-json\/wp\/v2\/posts"}],"about":[{"href":"https:\/\/aclam-mornant.fr\/index.php\/wp-json\/wp\/v2\/types\/post"}],"author":[{"embeddable":true,"href":"https:\/\/aclam-mornant.fr\/index.php\/wp-json\/wp\/v2\/users\/1"}],"replies":[{"embeddable":true,"href":"https:\/\/aclam-mornant.fr\/index.php\/wp-json\/wp\/v2\/comments?post=244"}],"version-history":[{"count":5,"href":"https:\/\/aclam-mornant.fr\/index.php\/wp-json\/wp\/v2\/posts\/244\/revisions"}],"predecessor-version":[{"id":288,"href":"https:\/\/aclam-mornant.fr\/index.php\/wp-json\/wp\/v2\/posts\/244\/revisions\/288"}],"wp:attachment":[{"href":"https:\/\/aclam-mornant.fr\/index.php\/wp-json\/wp\/v2\/media?parent=244"}],"wp:term":[{"taxonomy":"category","embeddable":true,"href":"https:\/\/aclam-mornant.fr\/index.php\/wp-json\/wp\/v2\/categories?post=244"},{"taxonomy":"post_tag","embeddable":true,"href":"https:\/\/aclam-mornant.fr\/index.php\/wp-json\/wp\/v2\/tags?post=244"}],"curies":[{"name":"wp","href":"https:\/\/api.w.org\/{rel}","templated":true}]}}